{"id":492,"date":"2018-05-03T19:17:42","date_gmt":"2018-05-03T22:17:42","guid":{"rendered":"http:\/\/www.municipiosciudadsur.cl\/portal\/?p=492"},"modified":"2018-05-03T19:37:37","modified_gmt":"2018-05-03T22:37:37","slug":"ruta-ambiental-intercomunal-congrego-a-mas-de-70-vecinos-de-6-comunas-de-la-region-metropolitana","status":"publish","type":"post","link":"https:\/\/www.municipiosciudadsur.cl\/portal\/ruta-ambiental-intercomunal-congrego-a-mas-de-70-vecinos-de-6-comunas-de-la-region-metropolitana\/","title":{"rendered":"Ruta Ambiental Intercomunal congreg\u00f3 a m\u00e1s de 70 vecinos de 6 comunas de la Regi\u00f3n Metropolitana"},"content":{"rendered":"<p><span style=\"font-family: arial, helvetica, sans-serif;\">La actividad organizada por el proyecto Plan Participativo de Acci\u00f3n y Mitigaci\u00f3n al Cambio Clim\u00e1tico es la primera experiencia de intercambio educativo ambiental desarrollada en cooperaci\u00f3n con otras comunas.<\/span><\/p>\n<p><span style=\"font-family: arial, helvetica, sans-serif;\">Este mi\u00e9rcoles 25 de abril se llev\u00f3 a cabo la primera Ruta Ambiental Intercomunal, un recorrido que congreg\u00f3 a vecinos de las comunas de Pedro Aguirre Cerda, Lo Espejo, El Bosque, San Ram\u00f3n, La Granja y San Joaqu\u00edn, todos quienes se sumaron a la actividad con el fin de conocer y aprender de las iniciativas ambientales desarrolladas en comunas vecinas.<\/span><br \/>\n<span style=\"font-family: arial, helvetica, sans-serif;\"> La jornada comenz\u00f3 a las 09:30hrs., en el Centro Cultural de Pedro Aguirre Cerda, con la presencia del alcalde de la comuna de El Bosque y presidente de la Asociaci\u00f3n de Municipios Ciudad Sur, Sadi Melo; el responsable de Finanzas y Contratos de la Embajada de la Uni\u00f3n Europea para Chile, Venezuela, Brasil, Uruguay y Argentina, Roderic Mckenzie, quien estuvo acompa\u00f1ado del asistente de Cooperaci\u00f3n Stijn Kuipers; el alcalde subrogante de la comuna de La Granja, Marcelo Ortiz; el director de sede de Puente Alto del Instituto Profesional Duoc UC, Eduardo Benito, junto al director de carreras de la Escuela de Recursos Naturales de la misma casa de estudios, Cristian Zabaleta; adem\u00e1s de vecinos y funcionarios municipales de las comunas vinculadas a la Asociaci\u00f3n de Municipios Ciudad Sur.<\/span><br \/>\n<span style=\"font-family: arial, helvetica, sans-serif;\"> El Primer punto por recorrer fue el Huerto Org\u00e1nico Biodin\u00e1mico, ubicado en el Centro Cultural de Pedro Aguirre Cerda, a cargo de la profesora del taller de huerto, Gilda P\u00e9rez, que adem\u00e1s es integrante de la Red Intercomunal Medioambiental Zona Sur, y quien explic\u00f3 a los asistentes la importancia de todos los procesos de desarrollo de la vegetaci\u00f3n, incluido su etapa de secado para la recolecci\u00f3n de semillas. Asimismo, en el lugar los asistentes conocieron las etapas de elaboraci\u00f3n de jabones org\u00e1nicos en base a aceites domiciliario reciclado, elaborados por el vicepresidente de la Red Intercomunal, Jaime Zorondo.<\/span><br \/>\n<span style=\"font-family: arial, helvetica, sans-serif;\"> M\u00e1s tarde el grupo se traslad\u00f3 en bus a la comuna de La Granja, donde conocieron el trabajo al interior del Centro de Revalorizaci\u00f3n de Residuos Domiciliarios que implement\u00f3 el departamento de Higiene y Medio Ambiente del municipio y donde tambi\u00e9n se desarrolla reciclaje, reducci\u00f3n, reutilizaci\u00f3n de residuos domiciliarios, lombricultura, compost y hurtos org\u00e1nicos.<\/span><br \/>\n<span style=\"font-family: arial, helvetica, sans-serif;\"> En este sentido, el alcalde subrogante de la comuna de La Granja, Marcelo Ortiz, se\u00f1al\u00f3 la importancia de actuar a tiempo y generar instancias de mitigaci\u00f3n al cambio clim\u00e1tico. \u201cEste centro de reciclaje va en funci\u00f3n de tratar que la comunidad en su conjunto cambie sus actitudes y conductas tradicionales de botar basura y que trate de seleccionar. Nosotros los humanos tenemos al borde del colapso al planeta; si no cambiamos nuestra conducta dif\u00edcilmente podamos parar este flagelo que significa terminar con el hogar de todos que es nuestro planeta\u201d, sentenci\u00f3 el edil.<\/span><br \/>\n<span style=\"font-family: arial, helvetica, sans-serif;\"> El recorrido de la Ruta Ambiental Intercomunal finaliz\u00f3 en el Colegio Salvador Allende de la comuna de El Bosque, donde los asistentes conocieron la implementaci\u00f3n de techos verdes, huertos y educaci\u00f3n ambiental que desarrolla el establecimiento de ense\u00f1anza b\u00e1sica a todos sus estudiantes, quienes trabajan en estrecha participaci\u00f3n con los docentes y apoderados del lugar.<\/span><br \/>\n<span style=\"font-family: arial, helvetica, sans-serif;\"> \u201cNosotros trabajamos con los ni\u00f1os y son ellos los portadores de las ideas y propuestas que hace la escuela y nos hemos sorprendido en muchas ocasiones ya que replican esto en sus casas e integran a la comunidad tambi\u00e9n muchas veces a trabajar con nosotros\u201d, se\u00f1al\u00f3 Jacob Chac\u00f3n, director del establecimiento educacional, quien adem\u00e1s dio cuenta de un cambio en las relaciones sociales de los estudiantes desde que se implement\u00f3 el modelo ambiental educativo.<\/span><br \/>\n<span style=\"font-family: arial, helvetica, sans-serif;\"> En esta misma l\u00ednea, Eduardo Benito, director de la sede de Puente Alto de DUOC UC, quien tambi\u00e9n particip\u00f3 de la ruta, destac\u00f3 la importancia de bajar el conocimiento del aula y ponerlo en pr\u00e1ctica, gracias al convenio de colaboraci\u00f3n mutua que est\u00e1n prontos a firmar la Asociaci\u00f3n de Municipios Ciudad Sur y el Instituto Profesional. \u201cPara DUOC UC la oportunidad de trabajar en forma colaborativa con la Asociaci\u00f3n de Municipios Ciudad Sur resulta de especial relevancia. En este marco, apoyar y capacitar a los vecinos de las comunas de Ciudad Sur para la b\u00fasqueda de soluciones a problem\u00e1ticas de su entorno que contribuyan al cuidado del medio ambiente, nos permite realizar un aporte social directo, el cual adem\u00e1s se traduce en una contribuci\u00f3n para nuestros estudiantes, quienes viven la experiencia real junto a la comunidad\u201d, enfatiz\u00f3 la autoridad acad\u00e9mica.<\/span><br \/>\n<span style=\"font-family: arial, helvetica, sans-serif;\"> Asimsimo, Sadi Melo, alcalde de El Bosque y Presidente de la Asociaci\u00f3n de Municipios Ciudad Sur, manifest\u00f3 su satisfacci\u00f3n por el resultado que se ha logrado en materia de educaci\u00f3n ambiental, en las comunas que han trabajado en torno a la mitigaci\u00f3n del cambio clim\u00e1tico. \u201cAl cerrar esta ruta nos hemos dado cuenta que la tercera y cuarta generaci\u00f3n de estos \u00faltimos 30 a\u00f1os est\u00e1 aprendiendo eso que queremos: contribuir a la construcci\u00f3n de un mejor mundo y un mejor planeta. Yo les invito a seguir fortaleciendo eso que hacemos en las comunidades, hay que construir el Chile desde abajo\u201d, indic\u00f3 el jefe comunal.<\/span><br \/>\n<span style=\"font-family: arial, helvetica, sans-serif;\"> De la misma manera, Melo, recalc\u00f3 su agradecimiento a la Uni\u00f3n Europea, quien es co-financista del proyecto medioambiental que desarroll\u00f3 esta actividad. \u201cAgradecemos tambi\u00e9n la ayuda internacional que en este caso es la comunidad de la Uni\u00f3n Europea quienes han estado presentes esta ma\u00f1ana junto a nosotros, haciendo este recorrido ecol\u00f3gico\u201d,se\u00f1al\u00f3.<\/span><br \/>\n<span style=\"font-family: arial, helvetica, sans-serif;\"> Tanto los vecinos asistentes a la jornada como las autoridades presentes mostraron su alegr\u00eda y entusiasmo por compartir esta experiencia, que les permiti\u00f3 ampliar su conocimiento sobre educaci\u00f3n ambiental, para implementar iniciativas ambientales en su<\/span> comunas.<\/p>\nngg_shortcode_0_placeholder\n","protected":false},"excerpt":{"rendered":"<p>La actividad organizada por el proyecto Plan Participativo de Acci\u00f3n y Mitigaci\u00f3n al Cambio Clim\u00e1tico es la primera experiencia de intercambio educativo ambiental desarrollada en cooperaci\u00f3n con otras comunas. Este mi\u00e9rcoles 25 de abril se llev\u00f3 a cabo la primera Ruta Ambiental Intercomunal, un recorrido que congreg\u00f3 a vecinos de las comunas de Pedro Aguirre Cerda, Lo Espejo, El Bosque, San Ram\u00f3n, La Granja y San Joaqu\u00edn, todos quienes se&#8230;<\/p>\n","protected":false},"author":1,"featured_media":493,"comment_status":"closed","ping_status":"closed","sticky":false,"template":"","format":"standard","meta":{"ngg_post_thumbnail":0,"footnotes":""},"categories":[2],"tags":[],"class_list":["post-492","post","type-post","status-publish","format-standard","has-post-thumbnail","hentry","category-eventos"],"_links":{"self":[{"href":"https:\/\/www.municipiosciudadsur.cl\/portal\/wp-json\/wp\/v2\/posts\/492","targetHints":{"allow":["GET"]}}],"collection":[{"href":"https:\/\/www.municipiosciudadsur.cl\/portal\/wp-json\/wp\/v2\/posts"}],"about":[{"href":"https:\/\/www.municipiosciudadsur.cl\/portal\/wp-json\/wp\/v2\/types\/post"}],"author":[{"embeddable":true,"href":"https:\/\/www.municipiosciudadsur.cl\/portal\/wp-json\/wp\/v2\/users\/1"}],"replies":[{"embeddable":true,"href":"https:\/\/www.municipiosciudadsur.cl\/portal\/wp-json\/wp\/v2\/comments?post=492"}],"version-history":[{"count":5,"href":"https:\/\/www.municipiosciudadsur.cl\/portal\/wp-json\/wp\/v2\/posts\/492\/revisions"}],"predecessor-version":[{"id":546,"href":"https:\/\/www.municipiosciudadsur.cl\/portal\/wp-json\/wp\/v2\/posts\/492\/revisions\/546"}],"wp:featuredmedia":[{"embeddable":true,"href":"https:\/\/www.municipiosciudadsur.cl\/portal\/wp-json\/wp\/v2\/media\/493"}],"wp:attachment":[{"href":"https:\/\/www.municipiosciudadsur.cl\/portal\/wp-json\/wp\/v2\/media?parent=492"}],"wp:term":[{"taxonomy":"category","embeddable":true,"href":"https:\/\/www.municipiosciudadsur.cl\/portal\/wp-json\/wp\/v2\/categories?post=492"},{"taxonomy":"post_tag","embeddable":true,"href":"https:\/\/www.municipiosciudadsur.cl\/portal\/wp-json\/wp\/v2\/tags?post=492"}],"curies":[{"name":"wp","href":"https:\/\/api.w.org\/{rel}","templated":true}]}}